{"id":623,"date":"2026-09-04T09:03:09","date_gmt":"2026-09-04T09:03:09","guid":{"rendered":"https:\/\/radioflyveklubben.dk\/?p=623"},"modified":"2026-09-04T09:03:09","modified_gmt":"2026-09-04T09:03:09","slug":"efteraar-og-vinter","status":"publish","type":"post","link":"https:\/\/radioflyveklubben.dk\/?p=623","title":{"rendered":"Efter\u00e5r og vinter"},"content":{"rendered":"\n<figure class=\"wp-block-image size-full\"><img loading=\"lazy\" decoding=\"async\" width=\"272\" height=\"320\" src=\"https:\/\/radioflyveklubben.dk\/wp-content\/uploads\/2026\/09\/vintergerlev.jpg\" alt=\"\" class=\"wp-image-624\" srcset=\"https:\/\/radioflyveklubben.dk\/wp-content\/uploads\/2026\/09\/vintergerlev.jpg 272w, https:\/\/radioflyveklubben.dk\/wp-content\/uploads\/2026\/09\/vintergerlev-255x300.jpg 255w\" sizes=\"auto, (max-width: 272px) 100vw, 272px\" \/><\/figure>\n\n\n\n<p class=\"wp-block-paragraph\">Selvom vi nu er g\u00e5et ind i efter\u00e5ret flyves der stadig, b\u00e5de p\u00e5 land og i s\u00f8en i Lynge Grusgrav.<\/p>\n\n\n\n<p class=\"wp-block-paragraph\">Den 4. oktober \u201dafsluttes\u201d s\u00e6sonen officielt med standerstrygning kl. 10 p\u00e5 pladsen i Gerlev. Der flyves dog stadigv\u00e6k p\u00e5 pladsen, n\u00e5r vejret er til det.<\/p>\n\n\n\n<p class=\"wp-block-paragraph\">Fra d. 11. oktober til og med 18. april flyves der indend\u00f8rs i J\u00e6gersprishallen fra 12-18 p\u00e5 de fleste s\u00f8ndage. Se i kalenderen.<\/p>\n\n\n\n<p class=\"wp-block-paragraph\">Fra d. 7. oktober er der klubm\u00f8der p\u00e5 Pedersholm i Frederikssund. Se de aktuelle m\u00f8dedage i kalenderen. Det er altid en onsdag fra 19-22.<\/p>\n\n\n\n<p class=\"wp-block-paragraph\">Fortsat god flyvning.<\/p>\n","protected":false},"excerpt":{"rendered":"<p>Selvom vi nu er g\u00e5et ind i efter\u00e5ret flyves der stadig, b\u00e5de p\u00e5 land og i s\u00f8en i Lynge Grusgrav. Den 4. oktober \u201dafsluttes\u201d s\u00e6sonen officielt med standerstrygning kl. 10 p\u00e5 pladsen i Gerlev. Der flyves dog stadigv\u00e6k p\u00e5 pladsen, n\u00e5r vejret er til det. Fra d. 11. oktober til og med 18. april flyves [&hellip;]<\/p>\n","protected":false},"author":2,"featured_media":0,"comment_status":"closed","ping_status":"","sticky":false,"template":"","format":"standard","meta":{"ngg_post_thumbnail":0,"footnotes":""},"categories":[1],"tags":[],"class_list":["post-623","post","type-post","status-publish","format-standard","hentry","category-uncategorized","post-preview"],"_links":{"self":[{"href":"https:\/\/radioflyveklubben.dk\/index.php?rest_route=\/wp\/v2\/posts\/623","targetHints":{"allow":["GET"]}}],"collection":[{"href":"https:\/\/radioflyveklubben.dk\/index.php?rest_route=\/wp\/v2\/posts"}],"about":[{"href":"https:\/\/radioflyveklubben.dk\/index.php?rest_route=\/wp\/v2\/types\/post"}],"author":[{"embeddable":true,"href":"https:\/\/radioflyveklubben.dk\/index.php?rest_route=\/wp\/v2\/users\/2"}],"replies":[{"embeddable":true,"href":"https:\/\/radioflyveklubben.dk\/index.php?rest_route=%2Fwp%2Fv2%2Fcomments&post=623"}],"version-history":[{"count":1,"href":"https:\/\/radioflyveklubben.dk\/index.php?rest_route=\/wp\/v2\/posts\/623\/revisions"}],"predecessor-version":[{"id":625,"href":"https:\/\/radioflyveklubben.dk\/index.php?rest_route=\/wp\/v2\/posts\/623\/revisions\/625"}],"wp:attachment":[{"href":"https:\/\/radioflyveklubben.dk\/index.php?rest_route=%2Fwp%2Fv2%2Fmedia&parent=623"}],"wp:term":[{"taxonomy":"category","embeddable":true,"href":"https:\/\/radioflyveklubben.dk\/index.php?rest_route=%2Fwp%2Fv2%2Fcategories&post=623"},{"taxonomy":"post_tag","embeddable":true,"href":"https:\/\/radioflyveklubben.dk\/index.php?rest_route=%2Fwp%2Fv2%2Ftags&post=623"}],"curies":[{"name":"wp","href":"https:\/\/api.w.org\/{rel}","templated":true}]}}